{"id":165,"date":"2022-03-08T20:29:45","date_gmt":"2022-03-08T19:29:45","guid":{"rendered":"https:\/\/monica-malgadey.com\/ben\/?p=165"},"modified":"2022-03-08T20:47:51","modified_gmt":"2022-03-08T19:47:51","slug":"fc-ben-kauft-van-dijk-fuer-25-mrd-%e2%82%bd-also-6-563-132-e-de-ligt","status":"publish","type":"post","link":"https:\/\/monica-malgadey.com\/ben\/2022\/03\/08\/fc-ben-kauft-van-dijk-fuer-25-mrd-%e2%82%bd-also-6-563-132-e-de-ligt\/","title":{"rendered":"FC Ben kauft Van Dijk f\u00fcr 2,5 mrd \u20bd, also 6.563.132 \u20ac + De Ligt"},"content":{"rendered":"<p>Wie am Dienstag von beiden Clubs best\u00e4tigt gibt es einen neuen Toptransfer. Virgil Van Dijk soll n\u00e4mlich im Tausch gegen Matthijs De Ligt NEIN verlassen haben. Au\u00dferdem zahlte nur FC Ben noch 2,3mrd \u20bd ( Russische Rubel ) also 6.563.132 \u20ac ! Ich wei\u00df nicht wieso NEIN dieses Angebot angenommen haben, vielleicht wussten sie nicht was der Russische Rubel ist.<\/p>\n<p>&nbsp;<\/p>\n<p>&nbsp;<\/p>\n<p>&nbsp;<\/p>\n<p>&nbsp;<\/p>\n<p>&nbsp;<\/p>\n<p>&nbsp;<\/p>\n<p>&nbsp;<\/p>\n<p>&nbsp;<\/p>\n<p>&nbsp;<\/p>\n<p>&nbsp;<\/p>\n<p>&nbsp;<\/p>\n<p>&nbsp;<\/p>\n<p>&nbsp;<\/p>\n<p>&nbsp;<\/p>\n<p>&nbsp;<\/p>\n<p>Bild von: https:\/\/www.t-online.de\/sport\/fussball\/id_90022870\/schock-fuer-niederlande-abwehrboss-virgil-van-dijk-faellt-fuer-em-2021-aus.html<\/p>\n","protected":false},"excerpt":{"rendered":"<p>Wie am Dienstag von beiden Clubs best\u00e4tigt gibt es einen neuen Toptransfer. Virgil Van Dijk soll n\u00e4mlich im Tausch gegen Matthijs De Ligt NEIN verlassen haben. Au\u00dferdem zahlte nur FC Ben noch 2,3mrd \u20bd ( Russische Rubel ) also 6.563.132 \u20ac ! Ich wei\u00df nicht wieso NEIN dieses Angebot angenommen haben, vielleicht wussten sie nicht &hellip; <\/p>\n","protected":false},"author":3,"featured_media":167,"comment_status":"open","ping_status":"open","sticky":false,"template":"","format":"standard","meta":{"_exactmetrics_skip_tracking":false,"_exactmetrics_sitenote_active":false,"_exactmetrics_sitenote_note":"","_exactmetrics_sitenote_category":0,"footnotes":""},"categories":[3],"tags":[],"class_list":["post-165","post","type-post","status-publish","format-standard","has-post-thumbnail","hentry","category-transfers","latest_post"],"yoast_head":"<!-- This site is optimized with the Yoast SEO plugin v21.4 - https:\/\/yoast.com\/wordpress\/plugins\/seo\/ -->\n<title>FC Ben kauft Van Dijk f\u00fcr 2,5 mrd \u20bd, also 6.563.132 \u20ac + De Ligt - Das beste Fu\u00dfballspiel<\/title>\n<meta name=\"robots\" content=\"index, follow, max-snippet:-1, max-image-preview:large, max-video-preview:-1\" \/>\n<link rel=\"canonical\" href=\"https:\/\/monica-malgadey.com\/ben\/2022\/03\/08\/fc-ben-kauft-van-dijk-fuer-25-mrd-\u20bd-also-6-563-132-e-de-ligt\/\" \/>\n<meta property=\"og:locale\" content=\"de_DE\" \/>\n<meta property=\"og:type\" content=\"article\" \/>\n<meta property=\"og:title\" content=\"FC Ben kauft Van Dijk f\u00fcr 2,5 mrd \u20bd, also 6.563.132 \u20ac + De Ligt - Das beste Fu\u00dfballspiel\" \/>\n<meta property=\"og:description\" content=\"Wie am Dienstag von beiden Clubs best\u00e4tigt gibt es einen neuen Toptransfer. Virgil Van Dijk soll n\u00e4mlich im Tausch gegen Matthijs De Ligt NEIN verlassen haben. Au\u00dferdem zahlte nur FC Ben noch 2,3mrd \u20bd ( Russische Rubel ) also 6.563.132 \u20ac ! Ich wei\u00df nicht wieso NEIN dieses Angebot angenommen haben, vielleicht wussten sie nicht &hellip;\" \/>\n<meta property=\"og:url\" content=\"https:\/\/monica-malgadey.com\/ben\/2022\/03\/08\/fc-ben-kauft-van-dijk-fuer-25-mrd-\u20bd-also-6-563-132-e-de-ligt\/\" \/>\n<meta property=\"og:site_name\" content=\"Das beste Fu\u00dfballspiel\" \/>\n<meta property=\"article:published_time\" content=\"2022-03-08T19:29:45+00:00\" \/>\n<meta property=\"article:modified_time\" content=\"2022-03-08T19:47:51+00:00\" \/>\n<meta property=\"og:image\" content=\"https:\/\/monica-malgadey.com\/ben\/wp-content\/uploads\/sites\/3\/2022\/03\/eigentlich-fest-eingeplant-fuer-den-em-kader-virgil-van-dijk-.jpg\" \/>\n\t<meta property=\"og:image:width\" content=\"1222\" \/>\n\t<meta property=\"og:image:height\" content=\"1222\" \/>\n\t<meta property=\"og:image:type\" content=\"image\/jpeg\" \/>\n<meta name=\"author\" content=\"ben\" \/>\n<meta name=\"twitter:card\" content=\"summary_large_image\" \/>\n<meta name=\"twitter:label1\" content=\"Verfasst von\" \/>\n\t<meta name=\"twitter:data1\" content=\"ben\" \/>\n\t<meta name=\"twitter:label2\" content=\"Gesch\u00e4tzte Lesezeit\" \/>\n\t<meta name=\"twitter:data2\" content=\"1\u00a0Minute\" \/>\n<script type=\"application\/ld+json\" class=\"yoast-schema-graph\">{\"@context\":\"https:\/\/schema.org\",\"@graph\":[{\"@type\":\"WebPage\",\"@id\":\"https:\/\/monica-malgadey.com\/ben\/2022\/03\/08\/fc-ben-kauft-van-dijk-fuer-25-mrd-%e2%82%bd-also-6-563-132-e-de-ligt\/\",\"url\":\"https:\/\/monica-malgadey.com\/ben\/2022\/03\/08\/fc-ben-kauft-van-dijk-fuer-25-mrd-%e2%82%bd-also-6-563-132-e-de-ligt\/\",\"name\":\"FC Ben kauft Van Dijk f\u00fcr 2,5 mrd \u20bd, also 6.563.132 \u20ac + De Ligt - Das beste Fu\u00dfballspiel\",\"isPartOf\":{\"@id\":\"https:\/\/monica-malgadey.com\/ben\/#website\"},\"datePublished\":\"2022-03-08T19:29:45+00:00\",\"dateModified\":\"2022-03-08T19:47:51+00:00\",\"author\":{\"@id\":\"https:\/\/monica-malgadey.com\/ben\/#\/schema\/person\/1f0f6c6047121257281c3e0bd74bbd30\"},\"breadcrumb\":{\"@id\":\"https:\/\/monica-malgadey.com\/ben\/2022\/03\/08\/fc-ben-kauft-van-dijk-fuer-25-mrd-%e2%82%bd-also-6-563-132-e-de-ligt\/#breadcrumb\"},\"inLanguage\":\"de\",\"potentialAction\":[{\"@type\":\"ReadAction\",\"target\":[\"https:\/\/monica-malgadey.com\/ben\/2022\/03\/08\/fc-ben-kauft-van-dijk-fuer-25-mrd-%e2%82%bd-also-6-563-132-e-de-ligt\/\"]}]},{\"@type\":\"BreadcrumbList\",\"@id\":\"https:\/\/monica-malgadey.com\/ben\/2022\/03\/08\/fc-ben-kauft-van-dijk-fuer-25-mrd-%e2%82%bd-also-6-563-132-e-de-ligt\/#breadcrumb\",\"itemListElement\":[{\"@type\":\"ListItem\",\"position\":1,\"name\":\"Startseite\",\"item\":\"https:\/\/monica-malgadey.com\/ben\/\"},{\"@type\":\"ListItem\",\"position\":2,\"name\":\"FC Ben kauft Van Dijk f\u00fcr 2,5 mrd \u20bd, also 6.563.132 \u20ac + De Ligt\"}]},{\"@type\":\"WebSite\",\"@id\":\"https:\/\/monica-malgadey.com\/ben\/#website\",\"url\":\"https:\/\/monica-malgadey.com\/ben\/\",\"name\":\"Das beste Fu\u00dfballspiel\",\"description\":\"Achtung: Alles fiktiv, nichts entspricht der Realit\u00e4t\",\"potentialAction\":[{\"@type\":\"SearchAction\",\"target\":{\"@type\":\"EntryPoint\",\"urlTemplate\":\"https:\/\/monica-malgadey.com\/ben\/?s={search_term_string}\"},\"query-input\":\"required name=search_term_string\"}],\"inLanguage\":\"de\"},{\"@type\":\"Person\",\"@id\":\"https:\/\/monica-malgadey.com\/ben\/#\/schema\/person\/1f0f6c6047121257281c3e0bd74bbd30\",\"name\":\"ben\",\"image\":{\"@type\":\"ImageObject\",\"inLanguage\":\"de\",\"@id\":\"https:\/\/monica-malgadey.com\/ben\/#\/schema\/person\/image\/\",\"url\":\"https:\/\/secure.gravatar.com\/avatar\/44d132f482859000ae4bc14170799267bbda5e2e923556401a6f5a711a960c3a?s=96&d=mm&r=g\",\"contentUrl\":\"https:\/\/secure.gravatar.com\/avatar\/44d132f482859000ae4bc14170799267bbda5e2e923556401a6f5a711a960c3a?s=96&d=mm&r=g\",\"caption\":\"ben\"},\"url\":\"https:\/\/monica-malgadey.com\/ben\/author\/ben\/\"}]}<\/script>\n<!-- \/ Yoast SEO plugin. -->","yoast_head_json":{"title":"FC Ben kauft Van Dijk f\u00fcr 2,5 mrd \u20bd, also 6.563.132 \u20ac + De Ligt - Das beste Fu\u00dfballspiel","robots":{"index":"index","follow":"follow","max-snippet":"max-snippet:-1","max-image-preview":"max-image-preview:large","max-video-preview":"max-video-preview:-1"},"canonical":"https:\/\/monica-malgadey.com\/ben\/2022\/03\/08\/fc-ben-kauft-van-dijk-fuer-25-mrd-\u20bd-also-6-563-132-e-de-ligt\/","og_locale":"de_DE","og_type":"article","og_title":"FC Ben kauft Van Dijk f\u00fcr 2,5 mrd \u20bd, also 6.563.132 \u20ac + De Ligt - Das beste Fu\u00dfballspiel","og_description":"Wie am Dienstag von beiden Clubs best\u00e4tigt gibt es einen neuen Toptransfer. Virgil Van Dijk soll n\u00e4mlich im Tausch gegen Matthijs De Ligt NEIN verlassen haben. Au\u00dferdem zahlte nur FC Ben noch 2,3mrd \u20bd ( Russische Rubel ) also 6.563.132 \u20ac ! Ich wei\u00df nicht wieso NEIN dieses Angebot angenommen haben, vielleicht wussten sie nicht &hellip;","og_url":"https:\/\/monica-malgadey.com\/ben\/2022\/03\/08\/fc-ben-kauft-van-dijk-fuer-25-mrd-\u20bd-also-6-563-132-e-de-ligt\/","og_site_name":"Das beste Fu\u00dfballspiel","article_published_time":"2022-03-08T19:29:45+00:00","article_modified_time":"2022-03-08T19:47:51+00:00","og_image":[{"width":1222,"height":1222,"url":"https:\/\/monica-malgadey.com\/ben\/wp-content\/uploads\/sites\/3\/2022\/03\/eigentlich-fest-eingeplant-fuer-den-em-kader-virgil-van-dijk-.jpg","type":"image\/jpeg"}],"author":"ben","twitter_card":"summary_large_image","twitter_misc":{"Verfasst von":"ben","Gesch\u00e4tzte Lesezeit":"1\u00a0Minute"},"schema":{"@context":"https:\/\/schema.org","@graph":[{"@type":"WebPage","@id":"https:\/\/monica-malgadey.com\/ben\/2022\/03\/08\/fc-ben-kauft-van-dijk-fuer-25-mrd-%e2%82%bd-also-6-563-132-e-de-ligt\/","url":"https:\/\/monica-malgadey.com\/ben\/2022\/03\/08\/fc-ben-kauft-van-dijk-fuer-25-mrd-%e2%82%bd-also-6-563-132-e-de-ligt\/","name":"FC Ben kauft Van Dijk f\u00fcr 2,5 mrd \u20bd, also 6.563.132 \u20ac + De Ligt - Das beste Fu\u00dfballspiel","isPartOf":{"@id":"https:\/\/monica-malgadey.com\/ben\/#website"},"datePublished":"2022-03-08T19:29:45+00:00","dateModified":"2022-03-08T19:47:51+00:00","author":{"@id":"https:\/\/monica-malgadey.com\/ben\/#\/schema\/person\/1f0f6c6047121257281c3e0bd74bbd30"},"breadcrumb":{"@id":"https:\/\/monica-malgadey.com\/ben\/2022\/03\/08\/fc-ben-kauft-van-dijk-fuer-25-mrd-%e2%82%bd-also-6-563-132-e-de-ligt\/#breadcrumb"},"inLanguage":"de","potentialAction":[{"@type":"ReadAction","target":["https:\/\/monica-malgadey.com\/ben\/2022\/03\/08\/fc-ben-kauft-van-dijk-fuer-25-mrd-%e2%82%bd-also-6-563-132-e-de-ligt\/"]}]},{"@type":"BreadcrumbList","@id":"https:\/\/monica-malgadey.com\/ben\/2022\/03\/08\/fc-ben-kauft-van-dijk-fuer-25-mrd-%e2%82%bd-also-6-563-132-e-de-ligt\/#breadcrumb","itemListElement":[{"@type":"ListItem","position":1,"name":"Startseite","item":"https:\/\/monica-malgadey.com\/ben\/"},{"@type":"ListItem","position":2,"name":"FC Ben kauft Van Dijk f\u00fcr 2,5 mrd \u20bd, also 6.563.132 \u20ac + De Ligt"}]},{"@type":"WebSite","@id":"https:\/\/monica-malgadey.com\/ben\/#website","url":"https:\/\/monica-malgadey.com\/ben\/","name":"Das beste Fu\u00dfballspiel","description":"Achtung: Alles fiktiv, nichts entspricht der Realit\u00e4t","potentialAction":[{"@type":"SearchAction","target":{"@type":"EntryPoint","urlTemplate":"https:\/\/monica-malgadey.com\/ben\/?s={search_term_string}"},"query-input":"required name=search_term_string"}],"inLanguage":"de"},{"@type":"Person","@id":"https:\/\/monica-malgadey.com\/ben\/#\/schema\/person\/1f0f6c6047121257281c3e0bd74bbd30","name":"ben","image":{"@type":"ImageObject","inLanguage":"de","@id":"https:\/\/monica-malgadey.com\/ben\/#\/schema\/person\/image\/","url":"https:\/\/secure.gravatar.com\/avatar\/44d132f482859000ae4bc14170799267bbda5e2e923556401a6f5a711a960c3a?s=96&d=mm&r=g","contentUrl":"https:\/\/secure.gravatar.com\/avatar\/44d132f482859000ae4bc14170799267bbda5e2e923556401a6f5a711a960c3a?s=96&d=mm&r=g","caption":"ben"},"url":"https:\/\/monica-malgadey.com\/ben\/author\/ben\/"}]}},"_links":{"self":[{"href":"https:\/\/monica-malgadey.com\/ben\/wp-json\/wp\/v2\/posts\/165","targetHints":{"allow":["GET"]}}],"collection":[{"href":"https:\/\/monica-malgadey.com\/ben\/wp-json\/wp\/v2\/posts"}],"about":[{"href":"https:\/\/monica-malgadey.com\/ben\/wp-json\/wp\/v2\/types\/post"}],"author":[{"embeddable":true,"href":"https:\/\/monica-malgadey.com\/ben\/wp-json\/wp\/v2\/users\/3"}],"replies":[{"embeddable":true,"href":"https:\/\/monica-malgadey.com\/ben\/wp-json\/wp\/v2\/comments?post=165"}],"version-history":[{"count":3,"href":"https:\/\/monica-malgadey.com\/ben\/wp-json\/wp\/v2\/posts\/165\/revisions"}],"predecessor-version":[{"id":169,"href":"https:\/\/monica-malgadey.com\/ben\/wp-json\/wp\/v2\/posts\/165\/revisions\/169"}],"wp:featuredmedia":[{"embeddable":true,"href":"https:\/\/monica-malgadey.com\/ben\/wp-json\/wp\/v2\/media\/167"}],"wp:attachment":[{"href":"https:\/\/monica-malgadey.com\/ben\/wp-json\/wp\/v2\/media?parent=165"}],"wp:term":[{"taxonomy":"category","embeddable":true,"href":"https:\/\/monica-malgadey.com\/ben\/wp-json\/wp\/v2\/categories?post=165"},{"taxonomy":"post_tag","embeddable":true,"href":"https:\/\/monica-malgadey.com\/ben\/wp-json\/wp\/v2\/tags?post=165"}],"curies":[{"name":"wp","href":"https:\/\/api.w.org\/{rel}","templated":true}]}}